{"id":106,"date":"2026-04-28T08:30:14","date_gmt":"2026-04-28T12:30:14","guid":{"rendered":"https:\/\/11121769.megapan.com.br\/?p=106"},"modified":"2026-04-28T08:30:14","modified_gmt":"2026-04-28T12:30:14","slug":"dinamarca-investira-r-110-milhoes-no-fundo-amazonia-para-combater-desmatamento","status":"publish","type":"post","link":"https:\/\/11121769.megapan.com.br\/?p=106","title":{"rendered":"Dinamarca Investir\u00e1 R$ 110 Milh\u00f5es no Fundo Amaz\u00f4nia para Combater Desmatamento"},"content":{"rendered":"<h4>A doa\u00e7\u00e3o visa fortalecer a\u00e7\u00f5es de preserva\u00e7\u00e3o ambiental e desenvolvimento sustent\u00e1vel na regi\u00e3o amaz\u00f4nica.<\/h4>\n<p>Na \u00faltima ter\u00e7a-feira, 29 de agosto, o governo dinamarqu\u00eas anunciou uma significativa doa\u00e7\u00e3o de 150 milh\u00f5es de coroas dinamarquesas, equivalente a aproximadamente R$ 110 milh\u00f5es, destinada ao Fundo Amaz\u00f4nia. A ministra do Meio Ambiente do Brasil, Marina Silva, se reuniu com o ministro de Coopera\u00e7\u00e3o para o Desenvolvimento e Pol\u00edtica Clim\u00e1tica Global da Dinamarca, Dan J\u00f8rgensen, para formalizar o compromisso, que se alinha a um esfor\u00e7o global para mitigar o desmatamento e promover a biodiversidade na regi\u00e3o.  <\/p>\n<p>A contribui\u00e7\u00e3o financeira ser\u00e1 direcionada a uma s\u00e9rie de projetos focados na redu\u00e7\u00e3o do desmatamento, prote\u00e7\u00e3o da biodiversidade e melhoria das condi\u00e7\u00f5es de vida das comunidades locais. O governo brasileiro espera que esse investimento contribua para alcan\u00e7ar a meta de desmatamento zero at\u00e9 2030, uma prioridade estabelecida pelo atual governo. Marina Silva, em suas redes sociais, ressaltou a import\u00e2ncia do recurso, que ser\u00e1 utilizado para fomentar o desenvolvimento sustent\u00e1vel na Amaz\u00f4nia.  <\/p>\n<p>Dados recentes do sistema Deter-B, desenvolvido pelo Instituto Nacional de Pesquisas Espaciais (Inpe), indicam que as a\u00e7\u00f5es de fiscaliza\u00e7\u00e3o na Amaz\u00f4nia Legal resultaram em uma redu\u00e7\u00e3o de 42,5% na \u00e1rea sob alertas de desmatamento entre janeiro e julho de 2023, em compara\u00e7\u00e3o ao mesmo per\u00edodo do ano anterior. Esse resultado \u00e9 um indicativo positivo do impacto que a\u00e7\u00f5es coordenadas podem ter na preserva\u00e7\u00e3o da floresta.  <\/p>\n<p>O Fundo Amaz\u00f4nia, criado em 2008, foi paralisado por quatro anos devido a decis\u00f5es do governo anterior, que extinguiu o Comit\u00ea Orientador (COFA). Durante esse per\u00edodo, aproximadamente R$ 3,9 bilh\u00f5es em doa\u00e7\u00f5es feitas pela Noruega e Alemanha permaneceram sem utiliza\u00e7\u00e3o. Com a retomada das atividades em janeiro de 2023, o fundo j\u00e1 recebeu novos compromissos que totalizam mais de R$ 3,4 bilh\u00f5es.  <\/p>\n<p>Dentre as novas doa\u00e7\u00f5es, a Alemanha se comprometeu com R$ 190 milh\u00f5es, enquanto o Reino Unido anunciou a contribui\u00e7\u00e3o de R$ 500 milh\u00f5es. Os Estados Unidos, por sua vez, prometeram investir R$ 2,5 bilh\u00f5es, a Uni\u00e3o Europeia anunciou R$ 100 milh\u00f5es e a Su\u00ed\u00e7a, R$ 30 milh\u00f5es. Essas doa\u00e7\u00f5es refletem um crescente apoio internacional ao combate ao desmatamento e \u00e0 prote\u00e7\u00e3o da Amaz\u00f4nia, destacando a import\u00e2ncia da regi\u00e3o para o equil\u00edbrio clim\u00e1tico global.  <\/p>\n<p>A colabora\u00e7\u00e3o entre pa\u00edses como a Dinamarca e o Brasil pode ser vista como um passo significativo para abordar as quest\u00f5es ambientais que afetam n\u00e3o apenas a Amaz\u00f4nia, mas o mundo como um todo. A expectativa \u00e9 que os recursos recebidos ajudem a impulsionar iniciativas locais e proporcionar uma base s\u00f3lida para o desenvolvimento sustent\u00e1vel, beneficiando as comunidades que dependem da floresta para sua subsist\u00eancia e cultura.<\/p>\n","protected":false},"excerpt":{"rendered":"<p>A Dinamarca anunciou a doa\u00e7\u00e3o de R$ 110 milh\u00f5es ao Fundo Amaz\u00f4nia, visando combater o desmatamento e promover o desenvolvimento sustent\u00e1vel. A contribui\u00e7\u00e3o ocorrer\u00e1 em um contexto de crescente apoio internacional para a preserva\u00e7\u00e3o da Amaz\u00f4nia.<\/p>\n","protected":false},"author":1,"featured_media":107,"comment_status":"open","ping_status":"open","sticky":false,"template":"","format":"standard","meta":{"footnotes":""},"categories":[5],"tags":[195,194,193,146,38],"class_list":["post-106","post","type-post","status-publish","format-standard","has-post-thumbnail","hentry","category-brasil","tag-desmatamento","tag-dinamarca","tag-fundo-amazonia","tag-meio-ambiente","tag-sustentabilidade"],"_links":{"self":[{"href":"https:\/\/11121769.megapan.com.br\/index.php?rest_route=\/wp\/v2\/posts\/106","targetHints":{"allow":["GET"]}}],"collection":[{"href":"https:\/\/11121769.megapan.com.br\/index.php?rest_route=\/wp\/v2\/posts"}],"about":[{"href":"https:\/\/11121769.megapan.com.br\/index.php?rest_route=\/wp\/v2\/types\/post"}],"author":[{"embeddable":true,"href":"https:\/\/11121769.megapan.com.br\/index.php?rest_route=\/wp\/v2\/users\/1"}],"replies":[{"embeddable":true,"href":"https:\/\/11121769.megapan.com.br\/index.php?rest_route=%2Fwp%2Fv2%2Fcomments&post=106"}],"version-history":[{"count":0,"href":"https:\/\/11121769.megapan.com.br\/index.php?rest_route=\/wp\/v2\/posts\/106\/revisions"}],"wp:featuredmedia":[{"embeddable":true,"href":"https:\/\/11121769.megapan.com.br\/index.php?rest_route=\/wp\/v2\/media\/107"}],"wp:attachment":[{"href":"https:\/\/11121769.megapan.com.br\/index.php?rest_route=%2Fwp%2Fv2%2Fmedia&parent=106"}],"wp:term":[{"taxonomy":"category","embeddable":true,"href":"https:\/\/11121769.megapan.com.br\/index.php?rest_route=%2Fwp%2Fv2%2Fcategories&post=106"},{"taxonomy":"post_tag","embeddable":true,"href":"https:\/\/11121769.megapan.com.br\/index.php?rest_route=%2Fwp%2Fv2%2Ftags&post=106"}],"curies":[{"name":"wp","href":"https:\/\/api.w.org\/{rel}","templated":true}]}}