{"id":110,"date":"2026-04-28T08:30:50","date_gmt":"2026-04-28T12:30:50","guid":{"rendered":"https:\/\/11121769.megapan.com.br\/?p=110"},"modified":"2026-04-28T08:30:50","modified_gmt":"2026-04-28T12:30:50","slug":"programa-cisternas-no-semiarido-impactos-positivos-na-saude-infantil","status":"publish","type":"post","link":"https:\/\/11121769.megapan.com.br\/?p=110","title":{"rendered":"Programa Cisternas no Semi\u00e1rido: Impactos Positivos na Sa\u00fade Infantil"},"content":{"rendered":"<h4>Estudo da FGV revela benef\u00edcios da capta\u00e7\u00e3o de \u00e1gua para gestantes e rec\u00e9m-nascidos na regi\u00e3o semi\u00e1rida do Brasil<\/h4>\n<p>A pesquisa realizada pela Escola de Economia de S\u00e3o Paulo (FGV EESP) revelou que o Programa Cisternas, que visa a capta\u00e7\u00e3o e armazenamento de \u00e1gua da chuva, tem um impacto significativo na sa\u00fade de rec\u00e9m-nascidos no Semi\u00e1rido brasileiro. O estudo, intitulado &#8216;Pol\u00edticas de adapta\u00e7\u00e3o clim\u00e1tica e sa\u00fade infantil: Evid\u00eancias de uma pol\u00edtica h\u00eddrica no Brasil&#8217;, destaca que gestantes beneficiadas pelo programa apresentam maiores chances de ter beb\u00eas mais saud\u00e1veis. Daniel da Mata, coordenador da pesquisa, elucidou que a cada semana em que as gestantes t\u00eam acesso a esse recurso, o peso do beb\u00ea aumenta em m\u00e9dia 2 gramas. Esse dado \u00e9 crucial, uma vez que a Organiza\u00e7\u00e3o Mundial da Sa\u00fade (OMS) classifica como &#8216;baixo peso&#8217; os beb\u00eas que nascem com menos de 2.500 gramas, o que est\u00e1 associado a riscos de sa\u00fade significativos.<\/p>\n<p>Camile Sahb, diretora de Promo\u00e7\u00e3o da Inclus\u00e3o Produtiva Rural e Acesso \u00e0 \u00c1gua do Minist\u00e9rio do Desenvolvimento e Assist\u00eancia Social (MDS), enfatizou a relev\u00e2ncia do Programa Cisternas, que n\u00e3o s\u00f3 contribui para a redu\u00e7\u00e3o da mortalidade infantil, mas tamb\u00e9m melhora a seguran\u00e7a alimentar e a qualidade de vida das comunidades do Semi\u00e1rido. &#8220;Esse estudo refor\u00e7a a import\u00e2ncia das tecnologias sociais de capta\u00e7\u00e3o e armazenamento de \u00e1gua da chuva para a dignidade das pessoas da regi\u00e3o&#8221;, afirmou.<\/p>\n<p>Para 2023, o MDS anunciou um edital p\u00fablico com investimento de R$ 400 milh\u00f5es para a constru\u00e7\u00e3o de cisternas em dez estados do Brasil, incluindo os nove da Regi\u00e3o Nordeste e Minas Gerais. O projeto prev\u00ea a implementa\u00e7\u00e3o de 47.550 cisternas de consumo e 3.940 cisternas voltadas para a produ\u00e7\u00e3o de alimentos.<\/p>\n<p>A pesquisa de Daniel da Mata se baseou em dados coletados entre 2011 e 2017, envolvendo cinco mil gestantes que receberam as cisternas. Ao comparar gestantes que tiveram acesso ao programa desde o in\u00edcio da gravidez com aquelas que foram beneficiadas apenas nas \u00faltimas semanas, ficou evidente que o aumento no acesso \u00e0s cisternas est\u00e1 correlacionado com o aumento do peso ao nascer. Essa constata\u00e7\u00e3o \u00e9 surpreendente, especialmente considerando que as gestantes n\u00e3o s\u00e3o o p\u00fablico-alvo inicial do programa, que prioriza crian\u00e7as e idosos.<\/p>\n<p>O pesquisador sugere que os resultados desta pesquisa possam fundamentar uma expans\u00e3o do p\u00fablico priorit\u00e1rio do Programa Cisternas, uma vez que os custos de implementa\u00e7\u00e3o s\u00e3o relativamente baixos em compara\u00e7\u00e3o aos benef\u00edcios significativos para a sa\u00fade infantil. Ele tamb\u00e9m ressalta a import\u00e2ncia de avaliar a efic\u00e1cia das pol\u00edticas p\u00fablicas, especialmente aquelas direcionadas a popula\u00e7\u00f5es vulner\u00e1veis, utilizando metodologias similares em outras iniciativas governamentais.<\/p>\n<p>Al\u00e9m disso, a pesquisa foi reconhecida pela Comiss\u00e3o de Pesquisa e Inova\u00e7\u00e3o da FGV, sendo uma das 17 destacadas em 2023 e ser\u00e1 premiada durante o VII Simp\u00f3sio de Pesquisa da Funda\u00e7\u00e3o Getulio Vargas, entre os dias 12 e 14 de setembro, no Rio de Janeiro. Os dados da pesquisa n\u00e3o apenas refor\u00e7am a import\u00e2ncia do Programa Cisternas, mas tamb\u00e9m ressaltam a necessidade de pol\u00edticas que atendam \u00e0s demandas espec\u00edficas das comunidades do Semi\u00e1rido, garantindo assim um futuro mais saud\u00e1vel para as pr\u00f3ximas gera\u00e7\u00f5es.<\/p>\n","protected":false},"excerpt":{"rendered":"<p>Um estudo da FGV revelou que o Programa Cisternas, voltado para a capta\u00e7\u00e3o de \u00e1gua da chuva, melhora a sa\u00fade de gestantes e rec\u00e9m-nascidos no Semi\u00e1rido brasileiro. Os resultados indicam que o acesso ao programa pode aumentar o peso ao nascer, contribuindo para a redu\u00e7\u00e3o da mortalidade infantil na regi\u00e3o.<\/p>\n","protected":false},"author":1,"featured_media":111,"comment_status":"open","ping_status":"open","sticky":false,"template":"","format":"standard","meta":{"footnotes":""},"categories":[5],"tags":[205,222,219,231,217,214,209,201,213,221,241,230,186,167,212,234,223,220,240,229,218,206,207,227,225,211,168,140,210,224,208,233,162,216,204,228,239,237,238,232,148,226,203,34,160,235,202,38,236,215],"class_list":["post-110","post","type-post","status-publish","format-standard","has-post-thumbnail","hentry","category-brasil","tag-agua-da-chuva","tag-agua-potavel","tag-assistencia-social","tag-baixo-peso-ao-nascer","tag-beneficios-sociais","tag-captacao-de-agua","tag-cidades-sustentaveis","tag-cisternas","tag-cisternas-de-consumo","tag-comunidades-vulneraveis","tag-conscientizacao","tag-criancas","tag-desenvolvimento-social","tag-desenvolvimento-sustentavel","tag-desigualdade-social","tag-direitos-humanos","tag-economia","tag-educacao","tag-educacao-ambiental","tag-emergencia-hidrica","tag-familia","tag-fgv","tag-gestantes","tag-gestao-de-recursos-hidricos","tag-impacto-social","tag-inclusao-produtiva","tag-inclusao-social","tag-infraestrutura","tag-inovacao-social","tag-investimento-publico","tag-mortalidade-infantil","tag-mudancas-climaticas","tag-participacao-comunitaria","tag-pesquisa-cientifica","tag-politica-publica","tag-politicas-de-adaptacao-climatica","tag-politicas-de-saude","tag-programas-governamentais","tag-promocao-da-saude","tag-qualidade-da-agua","tag-qualidade-de-vida","tag-saude-da-mulher","tag-saude-infantil","tag-saude-publica","tag-seguranca-alimentar","tag-seguranca-hidrica","tag-semiarido","tag-sustentabilidade","tag-tecnologia-de-captacao","tag-tecnologias-sociais"],"_links":{"self":[{"href":"https:\/\/11121769.megapan.com.br\/index.php?rest_route=\/wp\/v2\/posts\/110","targetHints":{"allow":["GET"]}}],"collection":[{"href":"https:\/\/11121769.megapan.com.br\/index.php?rest_route=\/wp\/v2\/posts"}],"about":[{"href":"https:\/\/11121769.megapan.com.br\/index.php?rest_route=\/wp\/v2\/types\/post"}],"author":[{"embeddable":true,"href":"https:\/\/11121769.megapan.com.br\/index.php?rest_route=\/wp\/v2\/users\/1"}],"replies":[{"embeddable":true,"href":"https:\/\/11121769.megapan.com.br\/index.php?rest_route=%2Fwp%2Fv2%2Fcomments&post=110"}],"version-history":[{"count":0,"href":"https:\/\/11121769.megapan.com.br\/index.php?rest_route=\/wp\/v2\/posts\/110\/revisions"}],"wp:featuredmedia":[{"embeddable":true,"href":"https:\/\/11121769.megapan.com.br\/index.php?rest_route=\/wp\/v2\/media\/111"}],"wp:attachment":[{"href":"https:\/\/11121769.megapan.com.br\/index.php?rest_route=%2Fwp%2Fv2%2Fmedia&parent=110"}],"wp:term":[{"taxonomy":"category","embeddable":true,"href":"https:\/\/11121769.megapan.com.br\/index.php?rest_route=%2Fwp%2Fv2%2Fcategories&post=110"},{"taxonomy":"post_tag","embeddable":true,"href":"https:\/\/11121769.megapan.com.br\/index.php?rest_route=%2Fwp%2Fv2%2Ftags&post=110"}],"curies":[{"name":"wp","href":"https:\/\/api.w.org\/{rel}","templated":true}]}}