{"id":114,"date":"2026-04-28T08:31:26","date_gmt":"2026-04-28T12:31:26","guid":{"rendered":"https:\/\/11121769.megapan.com.br\/?p=114"},"modified":"2026-04-28T08:47:26","modified_gmt":"2026-04-28T12:47:26","slug":"marcha-das-margaridas-em-brasilia-um-grito-de-resistencia-das-mulheres-do-campo","status":"publish","type":"post","link":"https:\/\/11121769.megapan.com.br\/?p=114","title":{"rendered":"Marcha das Margaridas em Bras\u00edlia: Um Grito de Resist\u00eancia das Mulheres do Campo"},"content":{"rendered":"<h4>Evento re\u00fane mais de 100 mil mulheres de diversas regi\u00f5es do Brasil em defesa dos direitos e da soberania alimentar<\/h4>\n<p>A Marcha das Margaridas, um evento emblem\u00e1tico que ocorre a cada quatro anos, mobiliza milhares de mulheres em Bras\u00edlia, unindo for\u00e7as em prol da luta por direitos e reconhecimento. Neste ano, na quarta-feira, 16 de agosto, as participantes percorrer\u00e3o cerca de dez quil\u00f4metros, partindo do Parque da Cidade at\u00e9 a Esplanada dos Minist\u00e9rios, um trajeto que simboliza a luta e a resist\u00eancia das mulheres do campo, da floresta e das cidades.<\/p>\n<p>A marcha \u00e9 promovida pela Confedera\u00e7\u00e3o Nacional dos Trabalhadores na Agricultura (Contag), juntamente com federa\u00e7\u00f5es, sindicatos e diversas organiza\u00e7\u00f5es parceiras. O lema deste ano, &#8216;Pela Reconstru\u00e7\u00e3o do Brasil e pelo bem viver&#8217;, reflete a urg\u00eancia de reivindica\u00e7\u00f5es por justi\u00e7a social e igualdade de direitos.<\/p>\n<p>Entre as participantes, Cida Rodrigues, que veio de Urandi, na Bahia, destaca a import\u00e2ncia do evento n\u00e3o s\u00f3 para a agricultura familiar, mas tamb\u00e9m para o combate \u00e0 viol\u00eancia contra as mulheres. \u201cEstamos aqui para reivindicar v\u00e1rias pautas, incluindo seguran\u00e7a alimentar e nutricional\u201d, declara Cida, que integra uma caravana de 42 mulheres.<\/p>\n<p>A Marcha das Margaridas se destaca por reunir n\u00e3o apenas brasileiras, mas tamb\u00e9m representantes de 33 pa\u00edses. As atividades come\u00e7aram na ter\u00e7a-feira, 15 de agosto, com pain\u00e9is e discuss\u00f5es sobre temas relevantes para as mulheres rurais e urbanas, refletindo a diversidade de experi\u00eancias e necessidades.<\/p>\n<p>Suzana da Silva Pimentel, professora de sociologia e participante pela primeira vez, expressa a for\u00e7a coletiva que a marcha representa. \u201c\u00c9 uma oportunidade de mostrar a for\u00e7a das mulheres do interior da Bahia e de enfatizar nossas necessidades\u201d, afirma.<\/p>\n<p>A hist\u00f3ria da Marcha das Margaridas \u00e9 uma homenagem a Margarida Maria Alves, uma sindicalista paraibana brutalmente assassinada em 1983, que se tornou um s\u00edmbolo da luta pelos direitos das mulheres trabalhadoras rurais. De acordo com Dennise Janu\u00e1rio, advogada e conterr\u00e2nea de Margarida, a marcha \u00e9 uma forma de perpetuar seu legado e de mobilizar ainda mais mulheres em busca de pol\u00edticas p\u00fablicas que atendam suas demandas.<\/p>\n<p>Os eixos pol\u00edticos da marcha incluem temas como democracia participativa, soberania alimentar, democratiza\u00e7\u00e3o do acesso \u00e0 terra, autonomia econ\u00f4mica e liberdade das mulheres sobre seus corpos. Esses t\u00f3picos, abordados durante a marcha, s\u00e3o fundamentais para garantir que as vozes das mulheres sejam ouvidas nas esferas de decis\u00e3o pol\u00edtica.<\/p>\n<p>Maz\u00e9 Morais, coordenadora-geral da Marcha, ressalta que a presen\u00e7a de tantas mulheres em Bras\u00edlia \u00e9 uma demonstra\u00e7\u00e3o da for\u00e7a coletiva e da vontade de transformar a realidade do Brasil. \u201cEstamos aqui para apresentar uma agenda importante e para construir uma conviv\u00eancia sem desigualdade, sem pobreza e sem viol\u00eancia\u201d, afirma ela, enfatizando a necessidade de uma rela\u00e7\u00e3o equilibrada com a natureza e a promo\u00e7\u00e3o de pr\u00e1ticas sustent\u00e1veis.<\/p>\n<p>A Marcha das Margaridas n\u00e3o \u00e9 apenas um evento; \u00e9 uma manifesta\u00e7\u00e3o poderosa que busca ressoar em todo o Brasil. Ao se reunirem na capital, essas mulheres enviam uma mensagem clara: a luta por direitos e justi\u00e7a social deve ser uma prioridade para toda a sociedade.<\/p>\n<p>Foto: \u00a0Marcelo Camargo\/Ag\u00eancia Brasil<\/p>\n","protected":false},"excerpt":{"rendered":"<p>A Marcha das Margaridas, que acontece em Bras\u00edlia, re\u00fane mais de 100 mil mulheres em defesa dos direitos e da soberania alimentar. O evento \u00e9 uma manifesta\u00e7\u00e3o significativa da luta por igualdade e justi\u00e7a social no Brasil.<\/p>\n","protected":false},"author":1,"featured_media":120,"comment_status":"open","ping_status":"open","sticky":false,"template":"","format":"standard","meta":{"footnotes":""},"categories":[5],"tags":[22,249,248,246,247],"class_list":["post-114","post","type-post","status-publish","format-standard","has-post-thumbnail","hentry","category-brasil","tag-direitos-das-mulheres","tag-evento-em-brasilia","tag-luta-social","tag-marcha-das-margaridas","tag-soberania-alimentar"],"_links":{"self":[{"href":"https:\/\/11121769.megapan.com.br\/index.php?rest_route=\/wp\/v2\/posts\/114","targetHints":{"allow":["GET"]}}],"collection":[{"href":"https:\/\/11121769.megapan.com.br\/index.php?rest_route=\/wp\/v2\/posts"}],"about":[{"href":"https:\/\/11121769.megapan.com.br\/index.php?rest_route=\/wp\/v2\/types\/post"}],"author":[{"embeddable":true,"href":"https:\/\/11121769.megapan.com.br\/index.php?rest_route=\/wp\/v2\/users\/1"}],"replies":[{"embeddable":true,"href":"https:\/\/11121769.megapan.com.br\/index.php?rest_route=%2Fwp%2Fv2%2Fcomments&post=114"}],"version-history":[{"count":1,"href":"https:\/\/11121769.megapan.com.br\/index.php?rest_route=\/wp\/v2\/posts\/114\/revisions"}],"predecessor-version":[{"id":121,"href":"https:\/\/11121769.megapan.com.br\/index.php?rest_route=\/wp\/v2\/posts\/114\/revisions\/121"}],"wp:featuredmedia":[{"embeddable":true,"href":"https:\/\/11121769.megapan.com.br\/index.php?rest_route=\/wp\/v2\/media\/120"}],"wp:attachment":[{"href":"https:\/\/11121769.megapan.com.br\/index.php?rest_route=%2Fwp%2Fv2%2Fmedia&parent=114"}],"wp:term":[{"taxonomy":"category","embeddable":true,"href":"https:\/\/11121769.megapan.com.br\/index.php?rest_route=%2Fwp%2Fv2%2Fcategories&post=114"},{"taxonomy":"post_tag","embeddable":true,"href":"https:\/\/11121769.megapan.com.br\/index.php?rest_route=%2Fwp%2Fv2%2Ftags&post=114"}],"curies":[{"name":"wp","href":"https:\/\/api.w.org\/{rel}","templated":true}]}}