{"id":115,"date":"2026-04-28T08:32:00","date_gmt":"2026-04-28T12:32:00","guid":{"rendered":"https:\/\/11121769.megapan.com.br\/?p=115"},"modified":"2026-04-28T08:32:00","modified_gmt":"2026-04-28T12:32:00","slug":"novo-pac-destina-r-305-bilhoes-para-fortalecer-o-sus-ate-2026","status":"publish","type":"post","link":"https:\/\/11121769.megapan.com.br\/?p=115","title":{"rendered":"Novo PAC destina R$ 30,5 bilh\u00f5es para fortalecer o SUS at\u00e9 2026"},"content":{"rendered":"<h4>Investimentos visam ampliar o acesso \u00e0 sa\u00fade p\u00fablica e modernizar a infraestrutura no Brasil.<\/h4>\n<p>O Novo PAC, uma iniciativa do governo federal, destinar\u00e1 R$ 30,5 bilh\u00f5es para o setor da Sa\u00fade at\u00e9 2026, com o objetivo de expandir o atendimento oferecido pelo Sistema \u00danico de Sa\u00fade (SUS). Este investimento n\u00e3o apenas busca melhorar a assist\u00eancia \u00e0 sa\u00fade, mas tamb\u00e9m impulsionar inova\u00e7\u00f5es na sa\u00fade digital e promover o desenvolvimento do complexo industrial do setor.  <\/p>\n<p>A aloca\u00e7\u00e3o de recursos se concentrar\u00e1 em \u00e1reas cr\u00edticas, visando o enfrentamento de problemas hist\u00f3ricos na aten\u00e7\u00e3o especializada. Entre as prioridades est\u00e3o a melhoria do atendimento oncol\u00f3gico e a cria\u00e7\u00e3o de novos hospitais. O programa pretende garantir que, ao longo dos pr\u00f3ximos quatro anos, servi\u00e7os essenciais, como o SAMU 192, sejam universalizados, com cobertura abrangente em todo o pa\u00eds.  <\/p>\n<p>Os investimentos do Novo PAC na Sa\u00fade s\u00e3o divididos em cinco pilares principais: Aten\u00e7\u00e3o Prim\u00e1ria, Aten\u00e7\u00e3o Especializada, Prepara\u00e7\u00e3o para Emerg\u00eancias em Sa\u00fade, Complexo Industrial da Sa\u00fade e Telessa\u00fade. Essas \u00e1reas foram escolhidas estrategicamente para abordar as necessidades mais prementes do sistema de sa\u00fade brasileiro.  <\/p>\n<p>**Expans\u00e3o do SUS**<br \/>\nDentro do Novo PAC, um dos focos ser\u00e1 a amplia\u00e7\u00e3o dos servi\u00e7os de sa\u00fade, especialmente na Aten\u00e7\u00e3o Prim\u00e1ria e Aten\u00e7\u00e3o Especializada. Com um aporte de R$ 7,4 bilh\u00f5es at\u00e9 2026, o projeto prev\u00ea a constru\u00e7\u00e3o de 3,6 mil Unidades B\u00e1sicas de Sa\u00fade (UBS) em todo o Brasil, priorizando as regi\u00f5es Norte e Nordeste, onde a car\u00eancia de servi\u00e7os \u00e9 mais acentuada. Deste total, 600 UBS ter\u00e3o suas obras finalizadas e 3 mil ser\u00e3o constru\u00eddas para atender a popula\u00e7\u00f5es que sofrem com a falta de estrutura. Essa expans\u00e3o permitir\u00e1 que 13,5 milh\u00f5es de brasileiros tenham acesso \u00e0 sa\u00fade, atingindo uma cobertura de 73,1% da popula\u00e7\u00e3o.  <\/p>\n<p>Al\u00e9m disso, a cria\u00e7\u00e3o de 4,5 mil novas equipes de Sa\u00fade da Fam\u00edlia ser\u00e1 promovida, com as unidades contando com estruturas adequadas, como salas de amamenta\u00e7\u00e3o e espa\u00e7os para teleconsulta.  <\/p>\n<p>A Aten\u00e7\u00e3o Especializada receber\u00e1 a maior parte dos recursos, com R$ 13,8 bilh\u00f5es destinados \u00e0 cria\u00e7\u00e3o de novas unidades hospitalares, amplia\u00e7\u00e3o de atendimentos e tratamentos oncol\u00f3gicos. O foco tamb\u00e9m estar\u00e1 na sa\u00fade da mulher, com a constru\u00e7\u00e3o de novas maternidades e amplia\u00e7\u00e3o da rede de atendimento a pessoas com defici\u00eancia. O programa prev\u00ea a universaliza\u00e7\u00e3o do SAMU, com investimentos que garantir\u00e3o cobertura para cerca de 97% da popula\u00e7\u00e3o brasileira, al\u00e9m da entrega de 850 novas ambul\u00e2ncias e 10 centrais, priorizando as regi\u00f5es mais vulner\u00e1veis.  <\/p>\n<p>O investimento de R$ 400 milh\u00f5es at\u00e9 2026 visa beneficiar 28 milh\u00f5es de brasileiros, al\u00e9m de melhorar a infraestrutura para atendimento de pessoas com defici\u00eancia, com a constru\u00e7\u00e3o de 45 Centros Especializados em Reabilita\u00e7\u00e3o (CER) e 15 Oficinas Ortop\u00e9dicas. Esta iniciativa \u00e9 especialmente crucial em \u00e1reas que atualmente n\u00e3o possuem servi\u00e7os de reabilita\u00e7\u00e3o adequados.  <\/p>\n<p>A sa\u00fade mental tamb\u00e9m \u00e9 uma prioridade no Novo PAC, com R$ 410 milh\u00f5es destinados \u00e0 constru\u00e7\u00e3o de 200 novos Centros de Aten\u00e7\u00e3o Psicossocial (CAPS), beneficiando cerca de 6,4 milh\u00f5es de pessoas. Outro ponto importante \u00e9 a amplia\u00e7\u00e3o da cobertura de radioterapia no SUS, com um investimento de R$ 605 milh\u00f5es para a entrega de 40 novos equipamentos e a conclus\u00e3o de 42 em andamento.  <\/p>\n<p>No que se refere aos servi\u00e7os ambulatoriais, o projeto contempla a constru\u00e7\u00e3o de 90 policl\u00ednicas e um investimento de R$ 1,7 bilh\u00e3o, al\u00e9m de 90 novos centros de parto normal e 60 novas maternidades, visando combater a mortalidade materna no pa\u00eds.  <\/p>\n<p>**Prepara\u00e7\u00e3o para Emerg\u00eancias**<br \/>\nA atual gest\u00e3o do Minist\u00e9rio da Sa\u00fade tamb\u00e9m est\u00e1 atenta \u00e0 prepara\u00e7\u00e3o para emerg\u00eancias sanit\u00e1rias. O Novo PAC alocar\u00e1 R$ 272 milh\u00f5es para expandir a capacidade de resposta a situa\u00e7\u00f5es emergenciais, como pandemias. Est\u00e3o previstos investimentos para equipamentos em 47 Laborat\u00f3rios de Sa\u00fade P\u00fablica, aumentando a capacidade de diagn\u00f3sticos em at\u00e9 400%.  <\/p>\n<p>Ser\u00e3o criadas cinco Unidades M\u00f3veis de Resposta R\u00e1pida para facilitar diagn\u00f3sticos em regi\u00f5es remotas. O investimento de R$ 40 milh\u00f5es no Centro de Intelig\u00eancia Gen\u00f4mica (GICEN) permitir\u00e1 o desenvolvimento de tecnologias de sequenciamento gen\u00e9tico, fundamentais para monitorar e enfrentar surtos de doen\u00e7as.  <\/p>\n<p>O Novo PAC tamb\u00e9m planeja a constru\u00e7\u00e3o do primeiro Laborat\u00f3rio de N\u00edvel de Seguran\u00e7a 4 (NB4) do Brasil, com um investimento superior a R$ 1 bilh\u00e3o, junto com a restaura\u00e7\u00e3o do Centro Cultural do Minist\u00e9rio da Sa\u00fade no Rio de Janeiro, que abrigar\u00e1 um memorial em homenagem \u00e0s v\u00edtimas da Covid-19.  <\/p>\n<p>**Inova\u00e7\u00f5es em Sa\u00fade Digital**<br \/>\nO uso de tecnologia no setor de sa\u00fade tem um papel importante no Novo PAC, com R$ 150 milh\u00f5es destinados \u00e0 compra de equipamentos para Teleconsulta e \u00e0 instala\u00e7\u00e3o de 52 novos n\u00facleos de Telessa\u00fade. Com isso, o n\u00famero de n\u00facleos ativos passar\u00e1 de 13 para 65, facilitando o acesso a consultas especializadas, especialmente em \u00e1reas remotas.  <\/p>\n<p>Esses n\u00facleos permitir\u00e3o que especialistas realizem atendimentos online, superando barreiras geogr\u00e1ficas e garantindo que mais brasileiros tenham acesso a cuidados m\u00e9dicos. O programa ser\u00e1 implementado em 1.400 munic\u00edpios, com a colabora\u00e7\u00e3o de universidades federais.  <\/p>\n<p>**Fortalecimento do Complexo Industrial da Sa\u00fade**<br \/>\nO Novo PAC tamb\u00e9m busca aumentar a autonomia do Brasil no setor de sa\u00fade com um investimento de R$ 8,9 bilh\u00f5es no Complexo Econ\u00f4mico-Industrial da Sa\u00fade. Este valor inclui R$ 6 bilh\u00f5es para fortalecer a produ\u00e7\u00e3o nacional de vacinas, medicamentos e equipamentos, al\u00e9m de R$ 2 bilh\u00f5es para a constru\u00e7\u00e3o da Fiocruz Santa Cruz, que se tornar\u00e1 o maior centro de bioprodu\u00e7\u00e3o da Am\u00e9rica Latina.  <\/p>\n<p>Al\u00e9m disso, R$ 895 milh\u00f5es ser\u00e3o aplicados na Empresa Brasileira de Hemoderivados e Biotecnologia (Hemobr\u00e1s) para garantir a produ\u00e7\u00e3o local de medicamentos essenciais, reduzindo a depend\u00eancia externa e melhorando a assist\u00eancia a pacientes com hemofilias e outras condi\u00e7\u00f5es.  <\/p>\n<p>**Conclus\u00e3o**<br \/>\nO Novo PAC representa um passo significativo para o fortalecimento do SUS e a melhoria do acesso \u00e0 sa\u00fade no Brasil. Com um investimento robusto em infraestrutura, tecnologia e capacita\u00e7\u00e3o, o governo busca n\u00e3o apenas superar d\u00e9ficits hist\u00f3ricos, mas tamb\u00e9m preparar o sistema de sa\u00fade para desafios futuros. Essa abordagem integrada pode transformar a realidade da sa\u00fade p\u00fablica brasileira, especialmente para as popula\u00e7\u00f5es mais vulner\u00e1veis.<\/p>\n","protected":false},"excerpt":{"rendered":"<p>O Novo PAC, com investimento de R$ 30,5 bilh\u00f5es at\u00e9 2026, visa fortalecer o SUS atrav\u00e9s da expans\u00e3o de servi\u00e7os e moderniza\u00e7\u00e3o da infraestrutura. A iniciativa foca na Aten\u00e7\u00e3o Prim\u00e1ria, Aten\u00e7\u00e3o Especializada e na promo\u00e7\u00e3o de sa\u00fade digital, impactando diretamente a vida de milh\u00f5es de brasileiros.<\/p>\n","protected":false},"author":1,"featured_media":116,"comment_status":"open","ping_status":"open","sticky":false,"template":"","format":"standard","meta":{"footnotes":""},"categories":[5],"tags":[253,252,250,34,251],"class_list":["post-115","post","type-post","status-publish","format-standard","has-post-thumbnail","hentry","category-brasil","tag-brasil","tag-investimentos","tag-novo-pac","tag-saude-publica","tag-sus"],"_links":{"self":[{"href":"https:\/\/11121769.megapan.com.br\/index.php?rest_route=\/wp\/v2\/posts\/115","targetHints":{"allow":["GET"]}}],"collection":[{"href":"https:\/\/11121769.megapan.com.br\/index.php?rest_route=\/wp\/v2\/posts"}],"about":[{"href":"https:\/\/11121769.megapan.com.br\/index.php?rest_route=\/wp\/v2\/types\/post"}],"author":[{"embeddable":true,"href":"https:\/\/11121769.megapan.com.br\/index.php?rest_route=\/wp\/v2\/users\/1"}],"replies":[{"embeddable":true,"href":"https:\/\/11121769.megapan.com.br\/index.php?rest_route=%2Fwp%2Fv2%2Fcomments&post=115"}],"version-history":[{"count":0,"href":"https:\/\/11121769.megapan.com.br\/index.php?rest_route=\/wp\/v2\/posts\/115\/revisions"}],"wp:featuredmedia":[{"embeddable":true,"href":"https:\/\/11121769.megapan.com.br\/index.php?rest_route=\/wp\/v2\/media\/116"}],"wp:attachment":[{"href":"https:\/\/11121769.megapan.com.br\/index.php?rest_route=%2Fwp%2Fv2%2Fmedia&parent=115"}],"wp:term":[{"taxonomy":"category","embeddable":true,"href":"https:\/\/11121769.megapan.com.br\/index.php?rest_route=%2Fwp%2Fv2%2Fcategories&post=115"},{"taxonomy":"post_tag","embeddable":true,"href":"https:\/\/11121769.megapan.com.br\/index.php?rest_route=%2Fwp%2Fv2%2Ftags&post=115"}],"curies":[{"name":"wp","href":"https:\/\/api.w.org\/{rel}","templated":true}]}}