{"id":117,"date":"2026-04-28T08:32:18","date_gmt":"2026-04-28T12:32:18","guid":{"rendered":"https:\/\/11121769.megapan.com.br\/?p=117"},"modified":"2026-04-28T08:45:50","modified_gmt":"2026-04-28T12:45:50","slug":"lancamento-do-novo-pac-investimentos-historicos-de-r-17-trilhao-para-transformar-o-brasil","status":"publish","type":"post","link":"https:\/\/11121769.megapan.com.br\/?p=117","title":{"rendered":"Lan\u00e7amento do Novo PAC: Investimentos Hist\u00f3ricos de R$ 1,7 Trilh\u00e3o Para Transformar o Brasil"},"content":{"rendered":"<h4>O Novo PAC, anunciado pelo presidente Lula, promete investimentos robustos em diversas \u00e1reas, visando desenvolvimento econ\u00f4mico e inclus\u00e3o social.<\/h4>\n<p>Nesta sexta-feira, 11 de agosto, o presidente Luiz In\u00e1cio Lula da Silva apresentou no Theatro Municipal do Rio de Janeiro o Novo PAC, um ambicioso programa de investimentos que destinar\u00e1 R$ 1,7 trilh\u00e3o para todas as unidades federativas do Brasil. Este valor ser\u00e1 alocado em diversas frentes de atua\u00e7\u00e3o, com o objetivo de promover um crescimento econ\u00f4mico sustent\u00e1vel e inclusivo em todo o pa\u00eds.<\/p>\n<p>Os recursos do Novo PAC se dividem em diferentes fontes: R$ 371 bilh\u00f5es do Or\u00e7amento Geral da Uni\u00e3o (OGU), R$ 343 bilh\u00f5es oriundos de empresas estatais, R$ 362 bilh\u00f5es em financiamentos e R$ 612 bilh\u00f5es provenientes do setor privado. Essa combina\u00e7\u00e3o de investimento p\u00fablico e privado \u00e9 uma estrat\u00e9gia-chave para potencializar o desenvolvimento e enfrentar as desigualdades sociais e regionais.<\/p>\n<p>O programa se estrutura em torno de Medidas Institucionais e nove Eixos de Investimento, que abrangem diversas \u00e1reas fundamentais para o futuro do Brasil. As Medidas Institucionais s\u00e3o um conjunto de a\u00e7\u00f5es normativas que visam melhorar o ambiente regulat\u00f3rio e de licenciamento, al\u00e9m de expandir o cr\u00e9dito e os incentivos econ\u00f4micos. Esses cinco grupos incluem:<\/p>\n<p>1. Aprimoramento do Ambiente Regulat\u00f3rio e do Licenciamento Ambiental;<br \/>\n2. Expans\u00e3o do Cr\u00e9dito e Incentivos Econ\u00f4micos;<br \/>\n3. Aprimoramento dos Mecanismos de Concess\u00e3o e Parcerias P\u00fablico-Privadas (PPPs);<br \/>\n4. Alinhamento ao Plano de Transi\u00e7\u00e3o Ecol\u00f3gica;<br \/>\n5. Planejamento, Gest\u00e3o e Compras P\u00fablicas.<\/p>\n<p>Um dos eixos mais inovadores do Novo PAC \u00e9 a Inclus\u00e3o Digital e Conectividade, que tem como meta levar internet de alta velocidade a todas as escolas p\u00fablicas e unidades de sa\u00fade. Este eixo tamb\u00e9m se dedicar\u00e1 a expandir o 5G e a cobertura 4G em rodovias e \u00e1reas remotas, com um investimento total de R$ 28 bilh\u00f5es.<\/p>\n<p>O eixo Sa\u00fade prev\u00ea a constru\u00e7\u00e3o de novas unidades b\u00e1sicas, policl\u00ednicas e maternidades, al\u00e9m da compra de mais ambul\u00e2ncias para facilitar o acesso da popula\u00e7\u00e3o a tratamentos especializados. A sa\u00fade p\u00fablica tamb\u00e9m ser\u00e1 beneficiada com investimentos de R$ 31 bilh\u00f5es na produ\u00e7\u00e3o de vacinas e hemoderivados, assim como em iniciativas de telessa\u00fade.<\/p>\n<p>Na \u00e1rea da Educa\u00e7\u00e3o, o Novo PAC visa construir creches e escolas de tempo integral, al\u00e9m de modernizar Institutos e Universidades Federais. O investimento total nesse eixo ser\u00e1 de R$ 45 bilh\u00f5es, com foco na perman\u00eancia dos alunos nas institui\u00e7\u00f5es e na promo\u00e7\u00e3o da alfabetiza\u00e7\u00e3o.<\/p>\n<p>O eixo de Infraestrutura Social e Inclusiva, com um investimento de R$ 2 bilh\u00f5es, buscar\u00e1 garantir que a popula\u00e7\u00e3o tenha acesso a espa\u00e7os de cultura, esporte e lazer, fomentando a conviv\u00eancia social e a redu\u00e7\u00e3o da viol\u00eancia.<\/p>\n<p>Para lidar com as mudan\u00e7as clim\u00e1ticas, o eixo Cidades Sustent\u00e1veis e Resilientes destinar\u00e1 R$ 610 bilh\u00f5es para a constru\u00e7\u00e3o de moradias do programa Minha Casa Minha Vida, a moderniza\u00e7\u00e3o da mobilidade urbana e a urbaniza\u00e7\u00e3o de favelas, al\u00e9m de iniciativas de esgotamento sanit\u00e1rio e gest\u00e3o de res\u00edduos s\u00f3lidos.<\/p>\n<p>O Novo PAC tamb\u00e9m se preocupa com a quest\u00e3o h\u00eddrica: o eixo \u00c1gua Para Todos, com um investimento de R$ 30 bilh\u00f5es, garantir\u00e1 o acesso \u00e0 \u00e1gua pot\u00e1vel em \u00e1reas remotas, revitalizando bacias hidrogr\u00e1ficas e promovendo a conserva\u00e7\u00e3o.<\/p>\n<p>O eixo Transporte Eficiente e Sustent\u00e1vel reunir\u00e1 investimentos em rodovias, ferrovias e portos, totalizando R$ 349 bilh\u00f5es, com o objetivo de reduzir os custos de produ\u00e7\u00e3o e elevar a competitividade do Brasil no cen\u00e1rio internacional.<\/p>\n<p>Outra prioridade \u00e9 a Transi\u00e7\u00e3o e Seguran\u00e7a Energ\u00e9tica, que assegurar\u00e1 que 80% da nova capacidade el\u00e9trica venha de fontes renov\u00e1veis. O programa Luz para Todos expandir\u00e1 o acesso \u00e0 energia no Nordeste e em \u00e1reas isoladas da Amaz\u00f4nia Legal, com um investimento total de R$ 540 bilh\u00f5es.<\/p>\n<p>Al\u00e9m disso, R$ 53 bilh\u00f5es ser\u00e3o direcionados ao eixo Defesa, para modernizar as capacidades tecnol\u00f3gicas de defesa do pa\u00eds.<\/p>\n<p>A partir de setembro, o governo lan\u00e7ar\u00e1 editais que totalizam R$ 136 bilh\u00f5es para selecionar projetos priorit\u00e1rios nas \u00e1reas de urbaniza\u00e7\u00e3o, sa\u00fade, educa\u00e7\u00e3o, cultura e esporte, ampliando ainda mais o alcance do Novo PAC.<\/p>\n<p>O Novo PAC representa um esfor\u00e7o significativo para transformar a realidade atual do Brasil e construir um futuro mais justo e sustent\u00e1vel para as pr\u00f3ximas gera\u00e7\u00f5es.<\/p>\n","protected":false},"excerpt":{"rendered":"<p>O Novo PAC, lan\u00e7ado por Lula, vai investir R$ 1,7 trilh\u00e3o em diversas \u00e1reas, como sa\u00fade, educa\u00e7\u00e3o e infraestrutura. O programa visa promover desenvolvimento econ\u00f4mico e inclus\u00e3o social no Brasil.<\/p>\n","protected":false},"author":1,"featured_media":118,"comment_status":"open","ping_status":"open","sticky":false,"template":"","format":"standard","meta":{"footnotes":""},"categories":[5],"tags":[254,168,252,250,40],"class_list":["post-117","post","type-post","status-publish","format-standard","has-post-thumbnail","hentry","category-brasil","tag-desenvolvimento-economico","tag-inclusao-social","tag-investimentos","tag-novo-pac","tag-saude"],"_links":{"self":[{"href":"https:\/\/11121769.megapan.com.br\/index.php?rest_route=\/wp\/v2\/posts\/117","targetHints":{"allow":["GET"]}}],"collection":[{"href":"https:\/\/11121769.megapan.com.br\/index.php?rest_route=\/wp\/v2\/posts"}],"about":[{"href":"https:\/\/11121769.megapan.com.br\/index.php?rest_route=\/wp\/v2\/types\/post"}],"author":[{"embeddable":true,"href":"https:\/\/11121769.megapan.com.br\/index.php?rest_route=\/wp\/v2\/users\/1"}],"replies":[{"embeddable":true,"href":"https:\/\/11121769.megapan.com.br\/index.php?rest_route=%2Fwp%2Fv2%2Fcomments&post=117"}],"version-history":[{"count":1,"href":"https:\/\/11121769.megapan.com.br\/index.php?rest_route=\/wp\/v2\/posts\/117\/revisions"}],"predecessor-version":[{"id":119,"href":"https:\/\/11121769.megapan.com.br\/index.php?rest_route=\/wp\/v2\/posts\/117\/revisions\/119"}],"wp:featuredmedia":[{"embeddable":true,"href":"https:\/\/11121769.megapan.com.br\/index.php?rest_route=\/wp\/v2\/media\/118"}],"wp:attachment":[{"href":"https:\/\/11121769.megapan.com.br\/index.php?rest_route=%2Fwp%2Fv2%2Fmedia&parent=117"}],"wp:term":[{"taxonomy":"category","embeddable":true,"href":"https:\/\/11121769.megapan.com.br\/index.php?rest_route=%2Fwp%2Fv2%2Fcategories&post=117"},{"taxonomy":"post_tag","embeddable":true,"href":"https:\/\/11121769.megapan.com.br\/index.php?rest_route=%2Fwp%2Fv2%2Ftags&post=117"}],"curies":[{"name":"wp","href":"https:\/\/api.w.org\/{rel}","templated":true}]}}