{"id":136,"date":"2026-04-29T08:20:18","date_gmt":"2026-04-29T12:20:18","guid":{"rendered":"https:\/\/11121769.megapan.com.br\/?p=136"},"modified":"2026-04-29T08:21:47","modified_gmt":"2026-04-29T12:21:47","slug":"precos-do-diesel-sofrem-queda-em-campo-grande-atraindo-a-atencao-do-procon","status":"publish","type":"post","link":"https:\/\/11121769.megapan.com.br\/?p=136","title":{"rendered":"Pre\u00e7os do Diesel Sofrem Queda em Campo Grande, Atraindo a Aten\u00e7\u00e3o do Procon"},"content":{"rendered":"<h4>Institui\u00e7\u00e3o de defesa do consumidor aponta diminui\u00e7\u00e3o significativa nos valores do combust\u00edvel na regi\u00e3o do Anel Vi\u00e1rio.<\/h4>\n<p>Recentemente, o Procon de Mato Grosso do Sul, \u00f3rg\u00e3o ligado \u00e0 Secretaria de Estado de Assist\u00eancia Social e dos Direitos Humanos, divulgou um estudo que revela uma queda nos pre\u00e7os do diesel em Campo Grande. O monitoramento foi realizado em diversas revendedoras localizadas no Anel Vi\u00e1rio da capital sul-mato-grossense e teve como objetivo garantir a transpar\u00eancia e a prote\u00e7\u00e3o dos direitos dos consumidores.<\/p>\n<p>Os dados coletados indicam que a redu\u00e7\u00e3o pode ser um reflexo de fatores como a diminui\u00e7\u00e3o dos pre\u00e7os internacionais do petr\u00f3leo, al\u00e9m de estrat\u00e9gias de precifica\u00e7\u00e3o das distribuidoras locais. Essa informa\u00e7\u00e3o \u00e9 relevante tanto para motoristas particulares quanto para transportadoras, que dependem do diesel para suas opera\u00e7\u00f5es di\u00e1rias. A an\u00e1lise dos pre\u00e7os foi feita em v\u00e1rias datas, permitindo uma compara\u00e7\u00e3o detalhada e a identifica\u00e7\u00e3o de tend\u00eancias.<\/p>\n<p>Por exemplo, em um intervalo de duas semanas, o pre\u00e7o do litro do diesel em algumas bombas caiu de R$ 5,50 para R$ 5,20, uma redu\u00e7\u00e3o que pode impactar significativamente o or\u00e7amento de quem utiliza o combust\u00edvel regularmente. Essa queda nos pre\u00e7os representa uma oportunidade para os usu\u00e1rios do transporte e para o setor de log\u00edstica, que poder\u00e1 economizar em suas opera\u00e7\u00f5es. Os consumidores s\u00e3o encorajados a acompanhar as flutua\u00e7\u00f5es dos pre\u00e7os e a relatar qualquer irregularidade ao Procon, que segue atento \u00e0s pr\u00e1ticas do setor. A monitoriza\u00e7\u00e3o cont\u00ednua dos pre\u00e7os \u00e9 fundamental para assegurar que os consumidores n\u00e3o sejam prejudicados por aumentos injustificados e que possam usufruir de pre\u00e7os mais justos.<\/p>\n<p>O Procon destaca a import\u00e2ncia do papel da popula\u00e7\u00e3o em fiscalizar e reportar varia\u00e7\u00f5es nos pre\u00e7os, contribuindo para um mercado mais transparente e competitivo. Essa iniciativa refor\u00e7a o compromisso do \u00f3rg\u00e3o em proteger os direitos dos consumidores, al\u00e9m de promover a conscientiza\u00e7\u00e3o sobre a import\u00e2ncia da pesquisa de pre\u00e7os antes de abastecer. A queda observada no diesel \u00e9 um al\u00edvio para muitos, mas \u00e9 fundamental que os motoristas continuem vigilantes e informados sobre as oscila\u00e7\u00f5es do mercado.<\/p>\n","protected":false},"excerpt":{"rendered":"<p>O Procon MS identificou uma redu\u00e7\u00e3o nos pre\u00e7os do diesel em Campo Grande, com quedas significativas em v\u00e1rias revendedoras. Esse monitoramento visa proteger os direitos dos consumidores e promover a transpar\u00eancia no mercado.<\/p>\n","protected":false},"author":1,"featured_media":137,"comment_status":"open","ping_status":"open","sticky":false,"template":"","format":"standard","meta":{"footnotes":""},"categories":[4],"tags":[21,306,309,307,308],"class_list":["post-136","post","type-post","status-publish","format-standard","has-post-thumbnail","hentry","category-estado-ms","tag-campo-grande","tag-diesel","tag-monitoramento","tag-precos","tag-procon"],"_links":{"self":[{"href":"https:\/\/11121769.megapan.com.br\/index.php?rest_route=\/wp\/v2\/posts\/136","targetHints":{"allow":["GET"]}}],"collection":[{"href":"https:\/\/11121769.megapan.com.br\/index.php?rest_route=\/wp\/v2\/posts"}],"about":[{"href":"https:\/\/11121769.megapan.com.br\/index.php?rest_route=\/wp\/v2\/types\/post"}],"author":[{"embeddable":true,"href":"https:\/\/11121769.megapan.com.br\/index.php?rest_route=\/wp\/v2\/users\/1"}],"replies":[{"embeddable":true,"href":"https:\/\/11121769.megapan.com.br\/index.php?rest_route=%2Fwp%2Fv2%2Fcomments&post=136"}],"version-history":[{"count":1,"href":"https:\/\/11121769.megapan.com.br\/index.php?rest_route=\/wp\/v2\/posts\/136\/revisions"}],"predecessor-version":[{"id":138,"href":"https:\/\/11121769.megapan.com.br\/index.php?rest_route=\/wp\/v2\/posts\/136\/revisions\/138"}],"wp:featuredmedia":[{"embeddable":true,"href":"https:\/\/11121769.megapan.com.br\/index.php?rest_route=\/wp\/v2\/media\/137"}],"wp:attachment":[{"href":"https:\/\/11121769.megapan.com.br\/index.php?rest_route=%2Fwp%2Fv2%2Fmedia&parent=136"}],"wp:term":[{"taxonomy":"category","embeddable":true,"href":"https:\/\/11121769.megapan.com.br\/index.php?rest_route=%2Fwp%2Fv2%2Fcategories&post=136"},{"taxonomy":"post_tag","embeddable":true,"href":"https:\/\/11121769.megapan.com.br\/index.php?rest_route=%2Fwp%2Fv2%2Ftags&post=136"}],"curies":[{"name":"wp","href":"https:\/\/api.w.org\/{rel}","templated":true}]}}