{"id":141,"date":"2026-04-30T08:44:19","date_gmt":"2026-04-30T12:44:19","guid":{"rendered":"https:\/\/11121769.megapan.com.br\/?p=141"},"modified":"2026-04-30T08:44:19","modified_gmt":"2026-04-30T12:44:19","slug":"homem-foragido-de-sao-paulo-e-capturado-em-tres-lagoas-pela-policia-civil","status":"publish","type":"post","link":"https:\/\/11121769.megapan.com.br\/?p=141","title":{"rendered":"Homem Foragido de S\u00e3o Paulo \u00e9 Capturado em Tr\u00eas Lagoas pela Pol\u00edcia Civil"},"content":{"rendered":"<h4>Opera\u00e7\u00e3o da SIG resulta na pris\u00e3o de condenado por viol\u00eancia dom\u00e9stica<\/h4>\n<p>Na manh\u00e3 de quarta-feira, 29 de mar\u00e7o, a Pol\u00edcia Civil de Tr\u00eas Lagoas, atrav\u00e9s da Se\u00e7\u00e3o de Investiga\u00e7\u00e3o Geral (SIG), efetuou a pris\u00e3o de um homem de 33 anos que estava foragido da Justi\u00e7a de S\u00e3o Paulo. Ele enfrentava uma condena\u00e7\u00e3o por amea\u00e7a, relacionada a um caso de viol\u00eancia dom\u00e9stica, e sua captura foi resultado de um mandado de pris\u00e3o emitido pelo Judici\u00e1rio paulista.<\/p>\n<p>A opera\u00e7\u00e3o que levou \u00e0 deten\u00e7\u00e3o do suspeito teve in\u00edcio ap\u00f3s investiga\u00e7\u00f5es que apontaram sua localiza\u00e7\u00e3o na cidade. Os agentes da SIG realizaram dilig\u00eancias que culminaram na abordagem do indiv\u00edduo, que n\u00e3o ofereceu resist\u00eancia durante a pris\u00e3o. A captura do homem \u00e9 um passo importante no combate \u00e0 impunidade em casos de viol\u00eancia dom\u00e9stica, um problema s\u00e9rio que afeta in\u00fameras fam\u00edlias no Brasil.<\/p>\n<p>A viol\u00eancia dom\u00e9stica \u00e9 uma quest\u00e3o alarmante, com estat\u00edsticas que mostram um aumento significativo de casos nos \u00faltimos anos. A condena\u00e7\u00e3o do homem, por amea\u00e7ar sua parceira, ilustra a gravidade desse tipo de crime, que muitas vezes ocorre em ambientes onde a v\u00edtima deveria se sentir segura. O trabalho das for\u00e7as de seguran\u00e7a, como o realizado pela SIG, \u00e9 crucial para garantir que os respons\u00e1veis por esses atos sejam responsabilizados e que as v\u00edtimas possam buscar prote\u00e7\u00e3o.<\/p>\n<p>Al\u00e9m da captura do foragido, a a\u00e7\u00e3o da Pol\u00edcia Civil destaca a import\u00e2ncia das redes de apoio \u00e0s v\u00edtimas de viol\u00eancia dom\u00e9stica. Muitas vezes, mulheres que enfrentam situa\u00e7\u00f5es de abuso relutam em denunciar seus agressores devido a medos variados, incluindo repres\u00e1lias. Programas de apoio e acolhimento, assim como campanhas educativas, s\u00e3o fundamentais para encorajar as v\u00edtimas a se manifestarem e buscarem ajuda.<\/p>\n<p>A pris\u00e3o deste homem sinaliza que as autoridades est\u00e3o atentas e que h\u00e1 um comprometimento em combater a viol\u00eancia de g\u00eanero. A colabora\u00e7\u00e3o entre as diferentes esferas da Justi\u00e7a e as for\u00e7as de seguran\u00e7a \u00e9 vital para efetivar a lei e trazer justi\u00e7a \u00e0s v\u00edtimas.<\/p>\n<p>Este caso tamb\u00e9m ressalta a import\u00e2ncia das den\u00fancias an\u00f4nimas e do papel da comunidade na luta contra a viol\u00eancia. A popula\u00e7\u00e3o pode e deve colaborar com a pol\u00edcia, reportando qualquer situa\u00e7\u00e3o suspeita ou conhecendo casos de viol\u00eancia, pois isso pode salvar vidas e assegurar um ambiente mais seguro para todos.<\/p>\n<p>Por fim, \u00e9 essencial que as discuss\u00f5es sobre viol\u00eancia dom\u00e9stica continuem em pauta, promovendo a conscientiza\u00e7\u00e3o e a educa\u00e7\u00e3o sobre o tema. Apenas assim poderemos avan\u00e7ar na constru\u00e7\u00e3o de uma sociedade mais justa e livre de viol\u00eancias.<\/p>\n","protected":false},"excerpt":{"rendered":"<p>A Pol\u00edcia Civil de Tr\u00eas Lagoas prendeu um homem foragido da Justi\u00e7a de S\u00e3o Paulo, condenado por amea\u00e7as em um caso de viol\u00eancia dom\u00e9stica. A opera\u00e7\u00e3o destaca a import\u00e2ncia da atua\u00e7\u00e3o das autoridades no combate \u00e0 impunidade em casos de viol\u00eancia de g\u00eanero.<\/p>\n","protected":false},"author":1,"featured_media":142,"comment_status":"open","ping_status":"open","sticky":false,"template":"","format":"standard","meta":{"footnotes":""},"categories":[4],"tags":[312,15,310,313,20],"class_list":["post-141","post","type-post","status-publish","format-standard","has-post-thumbnail","hentry","category-estado-ms","tag-justica","tag-policia-civil","tag-prisao","tag-tres-lagoas","tag-violencia-domestica"],"_links":{"self":[{"href":"https:\/\/11121769.megapan.com.br\/index.php?rest_route=\/wp\/v2\/posts\/141","targetHints":{"allow":["GET"]}}],"collection":[{"href":"https:\/\/11121769.megapan.com.br\/index.php?rest_route=\/wp\/v2\/posts"}],"about":[{"href":"https:\/\/11121769.megapan.com.br\/index.php?rest_route=\/wp\/v2\/types\/post"}],"author":[{"embeddable":true,"href":"https:\/\/11121769.megapan.com.br\/index.php?rest_route=\/wp\/v2\/users\/1"}],"replies":[{"embeddable":true,"href":"https:\/\/11121769.megapan.com.br\/index.php?rest_route=%2Fwp%2Fv2%2Fcomments&post=141"}],"version-history":[{"count":0,"href":"https:\/\/11121769.megapan.com.br\/index.php?rest_route=\/wp\/v2\/posts\/141\/revisions"}],"wp:featuredmedia":[{"embeddable":true,"href":"https:\/\/11121769.megapan.com.br\/index.php?rest_route=\/wp\/v2\/media\/142"}],"wp:attachment":[{"href":"https:\/\/11121769.megapan.com.br\/index.php?rest_route=%2Fwp%2Fv2%2Fmedia&parent=141"}],"wp:term":[{"taxonomy":"category","embeddable":true,"href":"https:\/\/11121769.megapan.com.br\/index.php?rest_route=%2Fwp%2Fv2%2Fcategories&post=141"},{"taxonomy":"post_tag","embeddable":true,"href":"https:\/\/11121769.megapan.com.br\/index.php?rest_route=%2Fwp%2Fv2%2Ftags&post=141"}],"curies":[{"name":"wp","href":"https:\/\/api.w.org\/{rel}","templated":true}]}}