{"id":67,"date":"2026-04-27T08:37:53","date_gmt":"2026-04-27T12:37:53","guid":{"rendered":"https:\/\/11121769.megapan.com.br\/?p=67"},"modified":"2026-04-27T08:37:53","modified_gmt":"2026-04-27T12:37:53","slug":"operacoes-da-policia-civil-em-campo-grande-resultam-em-prisoes-por-violencia-domestica","status":"publish","type":"post","link":"https:\/\/11121769.megapan.com.br\/?p=67","title":{"rendered":"Opera\u00e7\u00f5es da Pol\u00edcia Civil em Campo Grande Resultam em Pris\u00f5es por Viol\u00eancia Dom\u00e9stica"},"content":{"rendered":"<h4>A\u00e7\u00f5es da 1\u00aa DEAM visam combater crimes contra a mulher na capital sul-mato-grossense.<\/h4>\n<p>Nos dias 24 e 25 de agosto, a Pol\u00edcia Civil de Mato Grosso do Sul, atrav\u00e9s da equipe de Capturas da 1\u00aa Delegacia Especializada de Atendimento \u00e0 Mulher (1\u00aa DEAM), efetivou a pris\u00e3o de dois indiv\u00edduos em Campo Grande, em opera\u00e7\u00f5es separadas. As a\u00e7\u00f5es, realizadas na capital, t\u00eam como objetivo intensificar o combate \u00e0 viol\u00eancia dom\u00e9stica e \u00e0 regress\u00e3o cautelar.<\/p>\n<p>Na noite do dia 24, por volta das 21h20, a equipe da 1\u00aa DEAM localizou e prendeu um homem acusado de agredir sua companheira. A v\u00edtima, que j\u00e1 havia registrado ocorr\u00eancia anteriormente, relatou que o agressor descumpriu uma ordem judicial de afastamento. A a\u00e7\u00e3o foi resultado de den\u00fancias an\u00f4nimas que alertaram os policiais sobre a situa\u00e7\u00e3o de risco em que a mulher se encontrava.<\/p>\n<p>No dia seguinte, outra pris\u00e3o foi realizada em um bairro da capital. Os agentes, ap\u00f3s investiga\u00e7\u00f5es, conseguiram capturar um homem que possu\u00eda um mandado de pris\u00e3o em aberto por viol\u00eancia dom\u00e9stica. Ele tamb\u00e9m havia infringido medidas protetivas destinadas a garantir a seguran\u00e7a de sua ex-companheira. A Pol\u00edcia Civil refor\u00e7a que a prote\u00e7\u00e3o \u00e0s v\u00edtimas \u00e9 uma prioridade e que a\u00e7\u00f5es como essas s\u00e3o fundamentais para a seguran\u00e7a das mulheres em situa\u00e7\u00e3o de vulnerabilidade.<\/p>\n<p>A viol\u00eancia dom\u00e9stica \u00e9 um problema grave no Brasil, e a\u00e7\u00f5es policiais efetivas s\u00e3o essenciais para garantir que as v\u00edtimas recebam a prote\u00e7\u00e3o necess\u00e1ria. A 1\u00aa DEAM tem trabalhado incessantemente para assegurar que os agressores sejam responsabilizados e que as mulheres possam viver sem medo.<\/p>\n<p>A popula\u00e7\u00e3o \u00e9 encorajada a denunciar casos de viol\u00eancia, seja por meio de liga\u00e7\u00f5es diretas \u00e0 pol\u00edcia ou por canais an\u00f4nimos. A colabora\u00e7\u00e3o da comunidade \u00e9 vital para o sucesso das opera\u00e7\u00f5es policiais e para a prote\u00e7\u00e3o das v\u00edtimas. Al\u00e9m disso, a Pol\u00edcia Civil destaca a import\u00e2ncia de programas de apoio psicol\u00f3gico e jur\u00eddico para as mulheres que enfrentam essa realidade.<\/p>\n<p>Eventos como esses demonstram o comprometimento das autoridades em lidar com crimes de viol\u00eancia dom\u00e9stica. Policiais da 1\u00aa DEAM afirmam que continuar\u00e3o a intensificar as opera\u00e7\u00f5es e a promover a\u00e7\u00f5es de conscientiza\u00e7\u00e3o para prevenir a viol\u00eancia contra a mulher em Mato Grosso do Sul.<\/p>\n","protected":false},"excerpt":{"rendered":"<p>A Pol\u00edcia Civil de Mato Grosso do Sul prendeu dois homens em Campo Grande por viol\u00eancia dom\u00e9stica, refor\u00e7ando a import\u00e2ncia do combate a esses crimes. As opera\u00e7\u00f5es visam garantir a seguran\u00e7a das v\u00edtimas e a responsabiliza\u00e7\u00e3o dos agressores.<\/p>\n","protected":false},"author":1,"featured_media":68,"comment_status":"open","ping_status":"open","sticky":false,"template":"","format":"standard","meta":{"footnotes":""},"categories":[4],"tags":[27,21,15,28,20],"class_list":["post-67","post","type-post","status-publish","format-standard","has-post-thumbnail","hentry","category-estado-ms","tag-1a-deam","tag-campo-grande","tag-policia-civil","tag-seguranca-da-mulher","tag-violencia-domestica"],"_links":{"self":[{"href":"https:\/\/11121769.megapan.com.br\/index.php?rest_route=\/wp\/v2\/posts\/67","targetHints":{"allow":["GET"]}}],"collection":[{"href":"https:\/\/11121769.megapan.com.br\/index.php?rest_route=\/wp\/v2\/posts"}],"about":[{"href":"https:\/\/11121769.megapan.com.br\/index.php?rest_route=\/wp\/v2\/types\/post"}],"author":[{"embeddable":true,"href":"https:\/\/11121769.megapan.com.br\/index.php?rest_route=\/wp\/v2\/users\/1"}],"replies":[{"embeddable":true,"href":"https:\/\/11121769.megapan.com.br\/index.php?rest_route=%2Fwp%2Fv2%2Fcomments&post=67"}],"version-history":[{"count":0,"href":"https:\/\/11121769.megapan.com.br\/index.php?rest_route=\/wp\/v2\/posts\/67\/revisions"}],"wp:featuredmedia":[{"embeddable":true,"href":"https:\/\/11121769.megapan.com.br\/index.php?rest_route=\/wp\/v2\/media\/68"}],"wp:attachment":[{"href":"https:\/\/11121769.megapan.com.br\/index.php?rest_route=%2Fwp%2Fv2%2Fmedia&parent=67"}],"wp:term":[{"taxonomy":"category","embeddable":true,"href":"https:\/\/11121769.megapan.com.br\/index.php?rest_route=%2Fwp%2Fv2%2Fcategories&post=67"},{"taxonomy":"post_tag","embeddable":true,"href":"https:\/\/11121769.megapan.com.br\/index.php?rest_route=%2Fwp%2Fv2%2Ftags&post=67"}],"curies":[{"name":"wp","href":"https:\/\/api.w.org\/{rel}","templated":true}]}}