{"id":77,"date":"2026-04-27T08:40:23","date_gmt":"2026-04-27T12:40:23","guid":{"rendered":"https:\/\/11121769.megapan.com.br\/?p=77"},"modified":"2026-04-27T08:40:23","modified_gmt":"2026-04-27T12:40:23","slug":"festa-do-pe-de-soja-solteiro-uma-celebracao-da-cultura-e-da-agricultura-em-laguna-carapa","status":"publish","type":"post","link":"https:\/\/11121769.megapan.com.br\/?p=77","title":{"rendered":"Festa do P\u00e9 de Soja Solteiro: Uma Celebra\u00e7\u00e3o da Cultura e da Agricultura em Laguna Carap\u00e3"},"content":{"rendered":"<h4>Evento re\u00fane tradi\u00e7\u00e3o, tecnologia e colheita abundante, fortalecendo a identidade local e a economia da regi\u00e3o.<\/h4>\n<p>O munic\u00edpio de Laguna Carap\u00e3, localizado no estado do Mato Grosso do Sul, promoveu recentemente a Festa do P\u00e9 de Soja Solteiro, um evento que j\u00e1 se tornou um marco na calend\u00e1ria cultural da regi\u00e3o. Celebrando n\u00e3o apenas a colheita, mas tamb\u00e9m as tradi\u00e7\u00f5es que cercam o cultivo da soja, a festa atraiu visitantes de v\u00e1rias partes do estado e do Brasil, consolidando-se como um importante ponto de encontro para a comunidade e os amantes da agricultura.<\/p>\n<p>A Festa do P\u00e9 de Soja Solteiro \u00e9 mais do que uma simples festividade. \u00c9 uma oportunidade para que os agricultores locais possam mostrar o resultado de seu trabalho e a import\u00e2ncia da soja para a economia da regi\u00e3o. Este ano, a festa foi marcada por uma s\u00e9rie de atividades que inclu\u00edram exposi\u00e7\u00f5es, palestras sobre t\u00e9cnicas agr\u00edcolas modernas e demonstra\u00e7\u00f5es de maquin\u00e1rio.<\/p>\n<p>Um dos aspectos mais not\u00e1veis do evento foi a demonstra\u00e7\u00e3o de tecnologias agr\u00edcolas inovadoras. Especialistas do setor apresentaram m\u00e9todos de cultivo que visam aumentar a produtividade e a sustentabilidade das lavouras, refletindo um movimento crescente em dire\u00e7\u00e3o a uma agricultura mais respons\u00e1vel. Por exemplo, t\u00e9cnicas de plantio direto e uso racional de insumos qu\u00edmicos foram discutidas em oficinas que atra\u00edram muitos participantes.<\/p>\n<p>Al\u00e9m da parte t\u00e9cnica, a festa tamb\u00e9m \u00e9 um espa\u00e7o para a celebra\u00e7\u00e3o da cultura local. Apresenta\u00e7\u00f5es art\u00edsticas, dan\u00e7as folcl\u00f3ricas e comidas t\u00edpicas fizeram parte da programa\u00e7\u00e3o, promovendo um interc\u00e2mbio cultural entre os visitantes e a popula\u00e7\u00e3o local. A intera\u00e7\u00e3o entre os expositores e o p\u00fablico foi um dos pontos altos do evento, permitindo que os visitantes experimentassem a culin\u00e1ria regional e conhecessem mais sobre os costumes da comunidade.<\/p>\n<p>A festa tamb\u00e9m teve um impacto significativo na economia local. Com o aumento do fluxo de turistas, muitos comerciantes da regi\u00e3o se beneficiaram com as vendas durante o evento, que inclui desde artesanato at\u00e9 produtos aliment\u00edcios. A movimenta\u00e7\u00e3o financeira gerada pela festa \u00e9 um indicativo do potencial que eventos desse tipo t\u00eam para fomentar o desenvolvimento local.<\/p>\n<p>Os organizadores do evento destacaram a import\u00e2ncia de manter viva a tradi\u00e7\u00e3o do cultivo da soja e de celebrar suas contribui\u00e7\u00f5es para a sociedade. A festa n\u00e3o apenas promove a agricultura, mas tamb\u00e9m refor\u00e7a os la\u00e7os comunit\u00e1rios e a identidade cultural de Laguna Carap\u00e3.<\/p>\n<p>Por fim, a Festa do P\u00e9 de Soja Solteiro \u00e9 um excelente exemplo de como a tradi\u00e7\u00e3o e a modernidade podem coexistir e se complementar. Atrav\u00e9s da celebra\u00e7\u00e3o das colheitas e da promo\u00e7\u00e3o de inova\u00e7\u00f5es, a festa se estabelece como um evento essencial para o fortalecimento da agricultura e da cultura na regi\u00e3o, servindo como um modelo que pode ser replicado em outras localidades.<\/p>\n","protected":false},"excerpt":{"rendered":"<p>A Festa do P\u00e9 de Soja Solteiro em Laguna Carap\u00e3 celebra a cultura e a agricultura, unindo tradi\u00e7\u00e3o e tecnologia. O evento impulsiona a economia local e refor\u00e7a a identidade da comunidade.<\/p>\n","protected":false},"author":1,"featured_media":78,"comment_status":"open","ping_status":"open","sticky":false,"template":"","format":"standard","meta":{"footnotes":""},"categories":[4],"tags":[46,48,44,45,47],"class_list":["post-77","post","type-post","status-publish","format-standard","has-post-thumbnail","hentry","category-estado-ms","tag-cultura-agricola","tag-economia-local","tag-festa-do-pe-de-soja","tag-laguna-carapa","tag-tecnologia-agricola"],"_links":{"self":[{"href":"https:\/\/11121769.megapan.com.br\/index.php?rest_route=\/wp\/v2\/posts\/77","targetHints":{"allow":["GET"]}}],"collection":[{"href":"https:\/\/11121769.megapan.com.br\/index.php?rest_route=\/wp\/v2\/posts"}],"about":[{"href":"https:\/\/11121769.megapan.com.br\/index.php?rest_route=\/wp\/v2\/types\/post"}],"author":[{"embeddable":true,"href":"https:\/\/11121769.megapan.com.br\/index.php?rest_route=\/wp\/v2\/users\/1"}],"replies":[{"embeddable":true,"href":"https:\/\/11121769.megapan.com.br\/index.php?rest_route=%2Fwp%2Fv2%2Fcomments&post=77"}],"version-history":[{"count":0,"href":"https:\/\/11121769.megapan.com.br\/index.php?rest_route=\/wp\/v2\/posts\/77\/revisions"}],"wp:featuredmedia":[{"embeddable":true,"href":"https:\/\/11121769.megapan.com.br\/index.php?rest_route=\/wp\/v2\/media\/78"}],"wp:attachment":[{"href":"https:\/\/11121769.megapan.com.br\/index.php?rest_route=%2Fwp%2Fv2%2Fmedia&parent=77"}],"wp:term":[{"taxonomy":"category","embeddable":true,"href":"https:\/\/11121769.megapan.com.br\/index.php?rest_route=%2Fwp%2Fv2%2Fcategories&post=77"},{"taxonomy":"post_tag","embeddable":true,"href":"https:\/\/11121769.megapan.com.br\/index.php?rest_route=%2Fwp%2Fv2%2Ftags&post=77"}],"curies":[{"name":"wp","href":"https:\/\/api.w.org\/{rel}","templated":true}]}}