{"id":90,"date":"2026-04-28T08:25:20","date_gmt":"2026-04-28T12:25:20","guid":{"rendered":"https:\/\/11121769.megapan.com.br\/?p=90"},"modified":"2026-04-28T08:25:20","modified_gmt":"2026-04-28T12:25:20","slug":"suspensao-temporaria-do-atendimento-na-depac-cepol-para-reforma","status":"publish","type":"post","link":"https:\/\/11121769.megapan.com.br\/?p=90","title":{"rendered":"Suspens\u00e3o Tempor\u00e1ria do Atendimento na DEPAC Cepol para Reforma"},"content":{"rendered":"<h4>Unidade ficar\u00e1 fechada para o p\u00fablico entre os dias 28 e 30 de abril, mas atendimento \u00e0s for\u00e7as policiais segue inalterado.<\/h4>\n<p>A Delegacia de Pol\u00edcia Civil, conhecida como DEPAC Cepol, localizada na Rua Soldado PM Reinaldo de Andrade, n\u00ba 167, no Bairro Tiradentes, anunciou uma interrup\u00e7\u00e3o tempor\u00e1ria em seu atendimento ao p\u00fablico. A medida, que se deve a reformas necess\u00e1rias nas instala\u00e7\u00f5es, ocorrer\u00e1 das 8h do dia 28 de abril at\u00e9 \u00e0s 8h do dia 30 de abril. Durante esse per\u00edodo, a unidade n\u00e3o receber\u00e1 cidad\u00e3os que desejam registrar Boletins de Ocorr\u00eancia.<\/p>\n<p>\u00c9 importante ressaltar que, apesar da suspens\u00e3o do atendimento ao p\u00fablico, as for\u00e7as de seguran\u00e7a, como policiais e agentes de outras institui\u00e7\u00f5es, continuar\u00e3o a ser atendidas normalmente. Para esse p\u00fablico, a entrada e o acesso aos servi\u00e7os da DEPAC Cepol permanecer\u00e3o ativos. A medida visa n\u00e3o apenas melhorar a infraestrutura da delegacia, mas tamb\u00e9m assegurar que a qualidade do servi\u00e7o prestado \u00e0 popula\u00e7\u00e3o seja mantida a longo prazo.<\/p>\n<p>A reforma na DEPAC Cepol faz parte de um esfor\u00e7o cont\u00ednuo da Secretaria de Seguran\u00e7a P\u00fablica para modernizar as instala\u00e7\u00f5es policiais e oferecer um ambiente mais adequado tanto para os profissionais da seguran\u00e7a quanto para os cidad\u00e3os que dependem dos servi\u00e7os prestados. Com a conclus\u00e3o das obras, espera-se que a unidade ofere\u00e7a um atendimento ainda mais eficiente e acolhedor.<\/p>\n<p>A interrup\u00e7\u00e3o do servi\u00e7o de registro de Boletins de Ocorr\u00eancia \u00e9 um alerta para os cidad\u00e3os que necessitam realizar esse procedimento. \u00c9 aconselh\u00e1vel que as pessoas que precisarem registrar ocorr\u00eancias aguardem at\u00e9 que o atendimento seja retomado, evitando assim deslocamentos desnecess\u00e1rios.<\/p>\n<p>Para garantir que a popula\u00e7\u00e3o esteja bem informada sobre a situa\u00e7\u00e3o, a Secretaria de Seguran\u00e7a P\u00fablica recomenda que todos fiquem atentos \u00e0s comunica\u00e7\u00f5es oficiais por meio de seus canais de m\u00eddia, onde atualiza\u00e7\u00f5es sobre a reforma e a data de reabertura ser\u00e3o divulgadas assim que dispon\u00edveis.<\/p>\n<p>Al\u00e9m disso, caso surjam situa\u00e7\u00f5es de emerg\u00eancia ou necessidade urgente, os cidad\u00e3os s\u00e3o orientados a contatar a pol\u00edcia pelo telefone de emerg\u00eancia 190 ou se dirigir a outras unidades de pol\u00edcia dispon\u00edveis na regi\u00e3o. Essa orienta\u00e7\u00e3o \u00e9 fundamental para assegurar a continuidade da seguran\u00e7a e do atendimento \u00e0 popula\u00e7\u00e3o durante o per\u00edodo de reforma na DEPAC Cepol.<\/p>\n<p>Em suma, a suspens\u00e3o do atendimento na DEPAC Cepol \u00e9 uma a\u00e7\u00e3o tempor\u00e1ria que visa melhorias significativas na delegacia, com a expectativa de que a unidade retorne ao funcionamento normal em breve, proporcionando um servi\u00e7o de qualidade \u00e0 popula\u00e7\u00e3o.<\/p>\n","protected":false},"excerpt":{"rendered":"<p>A DEPAC Cepol suspender\u00e1 o atendimento ao p\u00fablico para reformas entre os dias 28 e 30 de abril, mas o atendimento \u00e0s for\u00e7as policiais continuar\u00e1 normalmente. A a\u00e7\u00e3o busca melhorar as condi\u00e7\u00f5es da unidade para um servi\u00e7o mais eficiente.<\/p>\n","protected":false},"author":1,"featured_media":91,"comment_status":"open","ping_status":"open","sticky":false,"template":"","format":"standard","meta":{"footnotes":""},"categories":[4],"tags":[121,123,120,122,19],"class_list":["post-90","post","type-post","status-publish","format-standard","has-post-thumbnail","hentry","category-estado-ms","tag-atendimento-ao-publico","tag-boletins-de-ocorrencia","tag-depac-cepol","tag-reforma","tag-seguranca-publica"],"_links":{"self":[{"href":"https:\/\/11121769.megapan.com.br\/index.php?rest_route=\/wp\/v2\/posts\/90","targetHints":{"allow":["GET"]}}],"collection":[{"href":"https:\/\/11121769.megapan.com.br\/index.php?rest_route=\/wp\/v2\/posts"}],"about":[{"href":"https:\/\/11121769.megapan.com.br\/index.php?rest_route=\/wp\/v2\/types\/post"}],"author":[{"embeddable":true,"href":"https:\/\/11121769.megapan.com.br\/index.php?rest_route=\/wp\/v2\/users\/1"}],"replies":[{"embeddable":true,"href":"https:\/\/11121769.megapan.com.br\/index.php?rest_route=%2Fwp%2Fv2%2Fcomments&post=90"}],"version-history":[{"count":0,"href":"https:\/\/11121769.megapan.com.br\/index.php?rest_route=\/wp\/v2\/posts\/90\/revisions"}],"wp:featuredmedia":[{"embeddable":true,"href":"https:\/\/11121769.megapan.com.br\/index.php?rest_route=\/wp\/v2\/media\/91"}],"wp:attachment":[{"href":"https:\/\/11121769.megapan.com.br\/index.php?rest_route=%2Fwp%2Fv2%2Fmedia&parent=90"}],"wp:term":[{"taxonomy":"category","embeddable":true,"href":"https:\/\/11121769.megapan.com.br\/index.php?rest_route=%2Fwp%2Fv2%2Fcategories&post=90"},{"taxonomy":"post_tag","embeddable":true,"href":"https:\/\/11121769.megapan.com.br\/index.php?rest_route=%2Fwp%2Fv2%2Ftags&post=90"}],"curies":[{"name":"wp","href":"https:\/\/api.w.org\/{rel}","templated":true}]}}