{"id":92,"date":"2026-04-28T08:25:40","date_gmt":"2026-04-28T12:25:40","guid":{"rendered":"https:\/\/11121769.megapan.com.br\/?p=92"},"modified":"2026-04-28T08:25:40","modified_gmt":"2026-04-28T12:25:40","slug":"acao-policial-em-coxim-combate-organizacao-criminosa","status":"publish","type":"post","link":"https:\/\/11121769.megapan.com.br\/?p=92","title":{"rendered":"A\u00e7\u00e3o Policial em Coxim Combate Organiza\u00e7\u00e3o Criminosa"},"content":{"rendered":"<h4>Opera\u00e7\u00e3o &#039;Leviat\u00e3&#039; visa desarticular grupo envolvido em crimes violentos na regi\u00e3o<\/h4>\n<p>Na manh\u00e3 desta segunda-feira, 27 de novembro, a Pol\u00edcia Civil do Mato Grosso do Sul lan\u00e7ou a Opera\u00e7\u00e3o &#8216;Leviat\u00e3&#8217; em Coxim, uma a\u00e7\u00e3o estrat\u00e9gica destinada a combater uma organiza\u00e7\u00e3o criminosa que tem atuado na \u00e1rea. Esta opera\u00e7\u00e3o \u00e9 liderada pela Delegacia Especializada de Repress\u00e3o a Roubo a Banco, Assaltos e Sequestros, conhecida como GARRAS. A opera\u00e7\u00e3o mobilizou diversas equipes da pol\u00edcia local e foi planejada para desarticular as atividades il\u00edcitas que a organiza\u00e7\u00e3o vem realizando, incluindo assaltos e sequestros.<\/p>\n<p>O foco principal da Opera\u00e7\u00e3o &#8216;Leviat\u00e3&#8217; \u00e9 a preven\u00e7\u00e3o e repress\u00e3o de crimes que t\u00eam gerado preocupa\u00e7\u00e3o na seguran\u00e7a p\u00fablica da regi\u00e3o. A a\u00e7\u00e3o \u00e9 resultado de um longo trabalho investigativo que identificou a atua\u00e7\u00e3o de um grupo criminoso respons\u00e1vel por uma s\u00e9rie de delitos violentos que afligem a comunidade.<\/p>\n<p>Com a participa\u00e7\u00e3o de policiais civis e outras for\u00e7as de seguran\u00e7a, a opera\u00e7\u00e3o n\u00e3o s\u00f3 visa prender os membros da organiza\u00e7\u00e3o, mas tamb\u00e9m recuperar bens subtra\u00eddos e garantir a seguran\u00e7a da popula\u00e7\u00e3o. Durante a opera\u00e7\u00e3o, foram realizadas buscas em locais estrat\u00e9gicos que serviam como esconderijos para os criminosos e tamb\u00e9m para a guarda de materiais utilizados nas atividades il\u00edcitas.<\/p>\n<p>Al\u00e9m das pris\u00f5es, a a\u00e7\u00e3o destaca a import\u00e2ncia da colabora\u00e7\u00e3o entre diferentes setores da pol\u00edcia e da comunidade na luta contra o crime organizado. A mobiliza\u00e7\u00e3o de for\u00e7as foi fundamental para o sucesso da opera\u00e7\u00e3o, demonstrando que o combate \u00e0 criminalidade requer um esfor\u00e7o conjunto e coordenado.<\/p>\n<p>A opera\u00e7\u00e3o tamb\u00e9m traz \u00e0 tona a discuss\u00e3o sobre a necessidade de pol\u00edticas p\u00fablicas mais eficazes para prevenir a criminalidade e oferecer suporte \u00e0s v\u00edtimas de crimes violentos. A seguran\u00e7a p\u00fablica \u00e9 uma responsabilidade compartilhada entre as autoridades e a sociedade, e a\u00e7\u00f5es como a &#8216;Leviat\u00e3&#8217; s\u00e3o passos importantes para restaurar a confian\u00e7a da popula\u00e7\u00e3o nas institui\u00e7\u00f5es.<\/p>\n<p>A Pol\u00edcia Civil reafirma seu compromisso em continuar o trabalho de combate ao crime organizado e solicita \u00e0 popula\u00e7\u00e3o que colabore com informa\u00e7\u00f5es que possam auxiliar nas investiga\u00e7\u00f5es. O apoio da comunidade \u00e9 essencial para o \u00eaxito das opera\u00e7\u00f5es futuras e para a constru\u00e7\u00e3o de um ambiente mais seguro para todos.<\/p>\n<p>A Opera\u00e7\u00e3o &#8216;Leviat\u00e3&#8217; \u00e9 um exemplo claro de como as for\u00e7as de seguran\u00e7a podem atuar de maneira eficiente e coordenada para enfrentar a criminalidade, e demonstra que a luta contra o crime organizado n\u00e3o \u00e9 uma tarefa f\u00e1cil, mas \u00e9 uma miss\u00e3o que deve ser constantemente perseguida por todos os envolvidos na seguran\u00e7a p\u00fablica.<\/p>\n","protected":false},"excerpt":{"rendered":"<p>A Opera\u00e7\u00e3o &#8216;Leviat\u00e3&#8217;, deflagrada pela Pol\u00edcia Civil em Coxim, visa desarticular uma organiza\u00e7\u00e3o criminosa respons\u00e1vel por crimes violentos na regi\u00e3o. A a\u00e7\u00e3o demonstra o compromisso das autoridades em garantir a seguran\u00e7a da popula\u00e7\u00e3o e combater o crime organizado.<\/p>\n","protected":false},"author":1,"featured_media":93,"comment_status":"open","ping_status":"open","sticky":false,"template":"","format":"standard","meta":{"footnotes":""},"categories":[4],"tags":[124,126,125,15,19],"class_list":["post-92","post","type-post","status-publish","format-standard","has-post-thumbnail","hentry","category-estado-ms","tag-coxim","tag-crime-organizado","tag-operacao-leviata","tag-policia-civil","tag-seguranca-publica"],"_links":{"self":[{"href":"https:\/\/11121769.megapan.com.br\/index.php?rest_route=\/wp\/v2\/posts\/92","targetHints":{"allow":["GET"]}}],"collection":[{"href":"https:\/\/11121769.megapan.com.br\/index.php?rest_route=\/wp\/v2\/posts"}],"about":[{"href":"https:\/\/11121769.megapan.com.br\/index.php?rest_route=\/wp\/v2\/types\/post"}],"author":[{"embeddable":true,"href":"https:\/\/11121769.megapan.com.br\/index.php?rest_route=\/wp\/v2\/users\/1"}],"replies":[{"embeddable":true,"href":"https:\/\/11121769.megapan.com.br\/index.php?rest_route=%2Fwp%2Fv2%2Fcomments&post=92"}],"version-history":[{"count":0,"href":"https:\/\/11121769.megapan.com.br\/index.php?rest_route=\/wp\/v2\/posts\/92\/revisions"}],"wp:featuredmedia":[{"embeddable":true,"href":"https:\/\/11121769.megapan.com.br\/index.php?rest_route=\/wp\/v2\/media\/93"}],"wp:attachment":[{"href":"https:\/\/11121769.megapan.com.br\/index.php?rest_route=%2Fwp%2Fv2%2Fmedia&parent=92"}],"wp:term":[{"taxonomy":"category","embeddable":true,"href":"https:\/\/11121769.megapan.com.br\/index.php?rest_route=%2Fwp%2Fv2%2Fcategories&post=92"},{"taxonomy":"post_tag","embeddable":true,"href":"https:\/\/11121769.megapan.com.br\/index.php?rest_route=%2Fwp%2Fv2%2Ftags&post=92"}],"curies":[{"name":"wp","href":"https:\/\/api.w.org\/{rel}","templated":true}]}}