{"id":98,"date":"2026-04-28T08:26:59","date_gmt":"2026-04-28T12:26:59","guid":{"rendered":"https:\/\/11121769.megapan.com.br\/?p=98"},"modified":"2026-04-28T08:26:59","modified_gmt":"2026-04-28T12:26:59","slug":"transformacao-na-serra-do-amolar-a-revolucao-da-mobilidade-e-sustentabilidade","status":"publish","type":"post","link":"https:\/\/11121769.megapan.com.br\/?p=98","title":{"rendered":"Transforma\u00e7\u00e3o na Serra do Amolar: A Revolu\u00e7\u00e3o da Mobilidade e Sustentabilidade"},"content":{"rendered":"<h4>A iniciativa da Agraer transforma a realidade de comunidades isoladas na regi\u00e3o pantaneira.<\/h4>\n<p>Na remota Serra do Amolar, localizada no Pantanal de Mato Grosso do Sul, a realidade das fam\u00edlias locais est\u00e1 passando por uma revolu\u00e7\u00e3o significativa. A Agraer (Ag\u00eancia de Desenvolvimento Agr\u00e1rio e Extens\u00e3o Rural) tem desempenhado um papel crucial ao implementar projetos que melhoram a mobilidade e a qualidade de vida dos moradores dessa regi\u00e3o. O acesso a servi\u00e7os b\u00e1sicos e \u00e0 comercializa\u00e7\u00e3o de produtos \u00e9 um desafio constante, e o trabalho da Agraer est\u00e1 mudando essa narrativa.<\/p>\n<p>Historicamente, a Serra do Amolar representou um desafio log\u00edstico. O acesso n\u00e3o se contabiliza em dist\u00e2ncias curtas, mas em horas de deslocamento, dificultando a chegada de recursos e informa\u00e7\u00f5es essenciais. A escassez de infraestrutura tem impactado diretamente a vida das fam\u00edlias, que se veem isoladas e sem acesso a servi\u00e7os b\u00e1sicos. Entretanto, com a introdu\u00e7\u00e3o de novas tecnologias e a melhoria das estradas, a Agraer est\u00e1 promovendo uma transforma\u00e7\u00e3o significativa.<\/p>\n<p>Um dos exemplos mais not\u00e1veis \u00e9 o projeto de constru\u00e7\u00e3o de estradas rurais que ligam as comunidades a centros urbanos. Essas melhorias n\u00e3o apenas facilitam o transporte de pessoas, mas tamb\u00e9m garantem o escoamento da produ\u00e7\u00e3o agr\u00edcola. Os agricultores locais, que antes enfrentavam dificuldades para vender seus produtos, agora podem acessar mercados com mais facilidade, aumentando sua renda e incentivando pr\u00e1ticas agr\u00edcolas mais sustent\u00e1veis.<\/p>\n<p>Um caso emblem\u00e1tico \u00e9 o da fam\u00edlia Silva, que reside na Serra do Amolar. Antes da interven\u00e7\u00e3o da Agraer, seus membros levavam dias para transportar suas colheitas at\u00e9 o mercado mais pr\u00f3ximo. Com a nova infraestrutura, a viagem que antes durava horas foi reduzida significativamente, permitindo que eles vendam seus produtos frescos numa fra\u00e7\u00e3o do tempo. Essa mudan\u00e7a n\u00e3o apenas melhorou a economia familiar, mas tamb\u00e9m incentivou a diversifica\u00e7\u00e3o das culturas plantadas, aumentando a seguran\u00e7a alimentar.<\/p>\n<p>Al\u00e9m das melhorias nas estradas, a Agraer tamb\u00e9m est\u00e1 investindo em capacita\u00e7\u00e3o e educa\u00e7\u00e3o. Cursos sobre pr\u00e1ticas agr\u00edcolas sustent\u00e1veis e gest\u00e3o financeira est\u00e3o sendo oferecidos para os agricultores da regi\u00e3o. Essas iniciativas visam empoderar os moradores, proporcionando-lhes as ferramentas necess\u00e1rias para gerir melhor suas propriedades e maximizar a produtividade.<\/p>\n<p>Outro aspecto do trabalho da Agraer \u00e9 a promo\u00e7\u00e3o de parcerias com organiza\u00e7\u00f5es n\u00e3o governamentais e outras institui\u00e7\u00f5es. Essas colabora\u00e7\u00f5es s\u00e3o fundamentais para trazer recursos adicionais e expertises que complementam os esfor\u00e7os da ag\u00eancia. Com isso, projetos de preserva\u00e7\u00e3o ambiental e de turismo sustent\u00e1vel est\u00e3o sendo desenvolvidos, promovendo a valoriza\u00e7\u00e3o da rica biodiversidade da Serra do Amolar.<\/p>\n<p>Os impactos dessas a\u00e7\u00f5es v\u00e3o al\u00e9m da melhoria econ\u00f4mica. A revitaliza\u00e7\u00e3o da infraestrutura e a educa\u00e7\u00e3o proporcionam um senso de comunidade e pertencimento entre os moradores, que agora se sentem mais conectados e integrados. A autoestima da popula\u00e7\u00e3o local aumentou, refletindo-se na disposi\u00e7\u00e3o de participar ativamente das atividades comunit\u00e1rias e na busca por um futuro mais sustent\u00e1vel.<\/p>\n<p>Entretanto, os desafios ainda s\u00e3o grandes. A conserva\u00e7\u00e3o do meio ambiente e a explora\u00e7\u00e3o sustent\u00e1vel dos recursos naturais permanecem como prioridades para a Agraer e as comunidades. A preserva\u00e7\u00e3o do Pantanal, um dos biomas mais ricos do mundo, \u00e9 uma responsabilidade compartilhada que requer compromisso e consci\u00eancia ambiental por parte de todos os envolvidos.<\/p>\n<p>Esse trabalho cont\u00ednuo da Agraer na Serra do Amolar serve como um exemplo inspirador de como a\u00e7\u00f5es direcionadas podem transformar realidades. A hist\u00f3ria da fam\u00edlia Silva \u00e9 apenas uma das muitas que est\u00e3o sendo escritas na regi\u00e3o, mostrando que, com determina\u00e7\u00e3o e colabora\u00e7\u00e3o, \u00e9 poss\u00edvel enfrentar os desafios e criar um futuro mais pr\u00f3spero e sustent\u00e1vel para todos.<\/p>\n","protected":false},"excerpt":{"rendered":"<p>A Agraer est\u00e1 promovendo mudan\u00e7as significativas na Serra do Amolar, facilitando o acesso e melhorando a qualidade de vida dos moradores. Iniciativas de infraestrutura e capacita\u00e7\u00e3o est\u00e3o transformando a realidade das fam\u00edlias locais, como a da fam\u00edlia Silva, que agora consegue escoar sua produ\u00e7\u00e3o com mais efici\u00eancia.<\/p>\n","protected":false},"author":1,"featured_media":99,"comment_status":"open","ping_status":"open","sticky":false,"template":"","format":"standard","meta":{"footnotes":""},"categories":[4],"tags":[159,135,138,164,177,147,149,166,176,141,178,155,157,151,139,167,48,142,143,175,180,179,154,168,140,158,152,172,165,146,137,136,162,150,144,148,156,171,169,160,134,174,170,38,163,173,153,145,161],"class_list":["post-98","post","type-post","status-publish","format-standard","has-post-thumbnail","hentry","category-estado-ms","tag-acesso-a-mercados","tag-agraer","tag-agricultura-familiar","tag-agricultura-sustentavel","tag-agroecologia","tag-biodiversidade","tag-capacitacao","tag-cidadania","tag-circuitos-produtivos","tag-comunidades-isoladas","tag-conservacao-do-pantanal","tag-cooperacao","tag-cultura-local","tag-desafios-rurais","tag-desenvolvimento-rural","tag-desenvolvimento-sustentavel","tag-economia-local","tag-educacao-agricola","tag-empoderamento","tag-formacao-profissional","tag-futuro-sustentavel","tag-historias-de-sucesso","tag-historias-inspiradoras","tag-inclusao-social","tag-infraestrutura","tag-infraestrutura-rural","tag-iniciativas-comunitarias","tag-inovacao-rural","tag-intervencoes-sociais","tag-meio-ambiente","tag-mobilidade-rural","tag-pantanal","tag-participacao-comunitaria","tag-preservacao-ambiental","tag-producao-sustentavel","tag-qualidade-de-vida","tag-recursos-naturais","tag-rede-de-apoio","tag-responsabilidade-ambiental","tag-seguranca-alimentar","tag-serra-do-amolar","tag-sistemas-agroflorestais","tag-solidariedade","tag-sustentabilidade","tag-sustentabilidade-economica","tag-tecnologia-no-campo","tag-transformacao-social","tag-turismo-sustentavel","tag-valorizacao-regional"],"_links":{"self":[{"href":"https:\/\/11121769.megapan.com.br\/index.php?rest_route=\/wp\/v2\/posts\/98","targetHints":{"allow":["GET"]}}],"collection":[{"href":"https:\/\/11121769.megapan.com.br\/index.php?rest_route=\/wp\/v2\/posts"}],"about":[{"href":"https:\/\/11121769.megapan.com.br\/index.php?rest_route=\/wp\/v2\/types\/post"}],"author":[{"embeddable":true,"href":"https:\/\/11121769.megapan.com.br\/index.php?rest_route=\/wp\/v2\/users\/1"}],"replies":[{"embeddable":true,"href":"https:\/\/11121769.megapan.com.br\/index.php?rest_route=%2Fwp%2Fv2%2Fcomments&post=98"}],"version-history":[{"count":0,"href":"https:\/\/11121769.megapan.com.br\/index.php?rest_route=\/wp\/v2\/posts\/98\/revisions"}],"wp:featuredmedia":[{"embeddable":true,"href":"https:\/\/11121769.megapan.com.br\/index.php?rest_route=\/wp\/v2\/media\/99"}],"wp:attachment":[{"href":"https:\/\/11121769.megapan.com.br\/index.php?rest_route=%2Fwp%2Fv2%2Fmedia&parent=98"}],"wp:term":[{"taxonomy":"category","embeddable":true,"href":"https:\/\/11121769.megapan.com.br\/index.php?rest_route=%2Fwp%2Fv2%2Fcategories&post=98"},{"taxonomy":"post_tag","embeddable":true,"href":"https:\/\/11121769.megapan.com.br\/index.php?rest_route=%2Fwp%2Fv2%2Ftags&post=98"}],"curies":[{"name":"wp","href":"https:\/\/api.w.org\/{rel}","templated":true}]}}